{"id":159,"date":"2013-03-21T09:50:10","date_gmt":"2013-03-21T08:50:10","guid":{"rendered":"http:\/\/itsystem.vxm.pl\/?p=159"},"modified":"2015-03-17T09:50:44","modified_gmt":"2015-03-17T08:50:44","slug":"ruszyly-zapisy","status":"publish","type":"post","link":"https:\/\/biegkonopielki.pl\/?p=159","title":{"rendered":"Ruszy\u0142y zapisy"},"content":{"rendered":"<p style=\"text-align: center;\"><strong>Mamy pierwsze zg\u0142oszenia!<\/strong><\/p>\n<p>Sobota, 25 maja \u2013 ten termin warto zapami\u0119ta\u0107! Szykuje si\u0119 wielka, oryginalna impreza, czyli I Bieg Konopielki organizowany przez O\u015brodek Kultury w Gminie Juchnowiec Ko\u015bcielny. W\u0142a\u015bnie ruszy\u0142y zapisy do udzia\u0142u w imprezie.<!--more--><\/p>\n<div>\n<p style=\"text-align: justify;\">O\u015brodek Kultury ju\u017c rozpocz\u0105\u0142 przyjmowanie zapis\u00f3w do udzia\u0142u w imprezie. Pierwsze zg\u0142oszenie wp\u0142yn\u0119\u0142o \u2013 i tu niespodzianka \u2013 nie od przedstawiciela naszej gminy, czy wojew\u00f3dztwa, a od zawodnika z Grodziska Mazowieckiego.<\/p>\n<p>\u2013 Do imprezy zosta\u0142y jeszcze dwa miesi\u0105ce. Niby du\u017co, ale u nas rozpocz\u0119\u0142o si\u0119 ju\u017c odliczanie przed Biegiem. Do\u0142o\u017cymy wszelkich stara\u0144, aby ka\u017cdy kto zdecyduje si\u0119 na udzia\u0142 w zawodach wyjecha\u0142 z Juchnowca zadowolony \u2013 zapewnia Krzysztof Sok\u00f3lski, dyrektor O\u015brodka Kultury w Gminie Juchnowiec Ko\u015bcielny.<\/p>\n<p>Wszystkie szczeg\u00f3\u0142y dotycz\u0105ce Biegu Konopielki dost\u0119pne s\u0105 na stronie internetowej <a id=\"link33\" href=\"http:\/\/www.biegkonopielki.pl\">www.biegkonopielki.pl<\/a> utworzonej na potrzeby imprezy. Informacje o imprezie odnale\u017a\u0107 mo\u017cna r\u00f3wnie\u017c na okjuchnowiec.pl. Organizatorzy udzielaj\u0105 tak\u017ce odpowiedzi telefonicznie po numerem 85 719 60 56 lub drog\u0105 elektroniczn\u0105 \u2013 <a id=\"link34\" href=\"mailto:ok.juchno@wp.pl\">ok.juchno@wp.pl<\/a>.<\/p>\n<\/div>\n","protected":false},"excerpt":{"rendered":"<p>Mamy pierwsze zg\u0142oszenia! Sobota, 25 maja \u2013 ten termin warto zapami\u0119ta\u0107! Szykuje si\u0119 wielka, oryginalna impreza, czyli I Bieg Konopielki organizowany przez O\u015brodek Kultury w Gminie Juchnowiec Ko\u015bcielny. W\u0142a\u015bnie ruszy\u0142y zapisy do udzia\u0142u w imprezie.<\/p>\n","protected":false},"author":1,"featured_media":0,"comment_status":"closed","ping_status":"closed","sticky":false,"template":"","format":"standard","meta":{"footnotes":""},"categories":[1],"tags":[],"class_list":["post-159","post","type-post","status-publish","format-standard","hentry","category-aktualnosci"],"wppr_data":[],"_links":{"self":[{"href":"https:\/\/biegkonopielki.pl\/index.php?rest_route=\/wp\/v2\/posts\/159"}],"collection":[{"href":"https:\/\/biegkonopielki.pl\/index.php?rest_route=\/wp\/v2\/posts"}],"about":[{"href":"https:\/\/biegkonopielki.pl\/index.php?rest_route=\/wp\/v2\/types\/post"}],"author":[{"embeddable":true,"href":"https:\/\/biegkonopielki.pl\/index.php?rest_route=\/wp\/v2\/users\/1"}],"replies":[{"embeddable":true,"href":"https:\/\/biegkonopielki.pl\/index.php?rest_route=%2Fwp%2Fv2%2Fcomments&post=159"}],"version-history":[{"count":1,"href":"https:\/\/biegkonopielki.pl\/index.php?rest_route=\/wp\/v2\/posts\/159\/revisions"}],"predecessor-version":[{"id":160,"href":"https:\/\/biegkonopielki.pl\/index.php?rest_route=\/wp\/v2\/posts\/159\/revisions\/160"}],"wp:attachment":[{"href":"https:\/\/biegkonopielki.pl\/index.php?rest_route=%2Fwp%2Fv2%2Fmedia&parent=159"}],"wp:term":[{"taxonomy":"category","embeddable":true,"href":"https:\/\/biegkonopielki.pl\/index.php?rest_route=%2Fwp%2Fv2%2Fcategories&post=159"},{"taxonomy":"post_tag","embeddable":true,"href":"https:\/\/biegkonopielki.pl\/index.php?rest_route=%2Fwp%2Fv2%2Ftags&post=159"}],"curies":[{"name":"wp","href":"https:\/\/api.w.org\/{rel}","templated":true}]}}