{"id":155,"date":"2013-03-27T09:48:42","date_gmt":"2013-03-27T08:48:42","guid":{"rendered":"http:\/\/itsystem.vxm.pl\/?p=155"},"modified":"2015-03-17T09:49:18","modified_gmt":"2015-03-17T08:49:18","slug":"powiekszajaca-sie-lista-zgloszen","status":"publish","type":"post","link":"https:\/\/biegkonopielki.pl\/?p=155","title":{"rendered":"Powi\u0119kszaj\u0105ca si\u0119 lista zg\u0142osze\u0144"},"content":{"rendered":"<p style=\"text-align: center;\"><strong>&#8222;P\u0119k\u0142a&#8221; 10<\/strong><\/p>\n<p style=\"text-align: justify;\">I Bieg Konopielki spotyka si\u0119 z du\u017cym zainteresowaniem. Szybko &#8222;p\u0119k\u0142a&#8221; 10, bo do \u015brody, 27 marca do godz. 14 mieli\u015bmy na oficjalnej li\u015bcie zg\u0142osze\u0144 13 nazwisk. Na dwa miesi\u0105ce przed imprez\u0105 wynik bardzo przyzwoity, a s\u0105 to tylko oficjalne zg\u0142oszenia, bo pyta\u0144 i deklaracji startu jest mn\u00f3stwo.<!--more--><\/p>\n<div>\n<p style=\"text-align: justify;\">W Juchnowcu Dolnym spotkamy si\u0119 25 maja. Jeste\u015bmy niezmiernie zadowoleni, \u017ce wielu zawodnik\u00f3w ju\u017c dzisiaj rezerwuje sobie termin na przyjazd do naszej gminy. Bo te\u017c na razie zg\u0142oszenia nap\u0142ywaj\u0105 od os\u00f3b spoza teren\u00f3w Juchnowca. Wyj\u0105tek stanowi Marek Niewi\u0144ski (Izabelin) \u2013 nr 2 na li\u015bcie zg\u0142osze\u0144. Ale bez obaw! Miejscowe \u015brodowisko biegaczy jest liczne, gotowe i zapowiada, \u017ce po \u015bwi\u0119tach przyst\u0105pi do wype\u0142niania zg\u0142osze\u0144.<\/p>\n<p>P\u00f3ki co, na li\u015bcie zawodnik\u00f3w dominuje Bia\u0142ystok. Ju\u017c 8 biegaczy ze stolicy wojew\u00f3dztwa podlaskiego wyrazi\u0142o ch\u0119\u0107 uczestnictwa w imprezie organizowanej przez O\u015brodek Kultury. W tym gronie s\u0105 cztery panie, a pierwsz\u0105 zarejestrowan\u0105 okaza\u0142a si\u0119 Agnieszka D\u0105browska.<\/p>\n<p>Na li\u015bcie pojawi\u0142o si\u0119 r\u00f3wnie\u017c nazwisko Edmunda \u0141apucia. Figuruje on pod numerem 13, ale to na pewno nie b\u0119dzie pechowa \u201e13\u201d. Pan Edmund ma ju\u017c tak wielkie do\u015bwiadczenie, \u017ce nie przywi\u0105zuje wagi do liczb i numer\u00f3w. Bia\u0142ostoczanin jest postaci\u0105 doskonale znan\u0105 w sportowym \u015bwiecie. Ma na koncie niezliczon\u0105 liczb\u0119 wyst\u0119p\u00f3w na trasach biegowych, poza tym uprawia kolarstwo i je\u017adzi na rolkach. Je\u015bli chodzi o I Bieg Konopielki zaanga\u017cowa\u0142 si\u0119 w jego organizacj\u0119 osobi\u015bcie, s\u0142u\u017c\u0105c nam rad\u0105 i pomoc\u0105.<\/p>\n<p>Wi\u0119cej informacji o I Biegu Konopielki na stronach \u2013 biegkonopielki.pl oraz okjuchnowiec.pl<\/p>\n<\/div>\n","protected":false},"excerpt":{"rendered":"<p>&#8222;P\u0119k\u0142a&#8221; 10 I Bieg Konopielki spotyka si\u0119 z du\u017cym zainteresowaniem. Szybko &#8222;p\u0119k\u0142a&#8221; 10, bo do \u015brody, 27 marca do godz. 14 mieli\u015bmy na oficjalnej li\u015bcie zg\u0142osze\u0144 13 nazwisk. Na dwa miesi\u0105ce przed imprez\u0105 wynik bardzo przyzwoity, a s\u0105 to tylko oficjalne zg\u0142oszenia, bo pyta\u0144 i deklaracji startu jest mn\u00f3stwo.<\/p>\n","protected":false},"author":1,"featured_media":0,"comment_status":"closed","ping_status":"closed","sticky":false,"template":"","format":"standard","meta":{"footnotes":""},"categories":[1],"tags":[],"class_list":["post-155","post","type-post","status-publish","format-standard","hentry","category-aktualnosci"],"wppr_data":[],"_links":{"self":[{"href":"https:\/\/biegkonopielki.pl\/index.php?rest_route=\/wp\/v2\/posts\/155"}],"collection":[{"href":"https:\/\/biegkonopielki.pl\/index.php?rest_route=\/wp\/v2\/posts"}],"about":[{"href":"https:\/\/biegkonopielki.pl\/index.php?rest_route=\/wp\/v2\/types\/post"}],"author":[{"embeddable":true,"href":"https:\/\/biegkonopielki.pl\/index.php?rest_route=\/wp\/v2\/users\/1"}],"replies":[{"embeddable":true,"href":"https:\/\/biegkonopielki.pl\/index.php?rest_route=%2Fwp%2Fv2%2Fcomments&post=155"}],"version-history":[{"count":1,"href":"https:\/\/biegkonopielki.pl\/index.php?rest_route=\/wp\/v2\/posts\/155\/revisions"}],"predecessor-version":[{"id":156,"href":"https:\/\/biegkonopielki.pl\/index.php?rest_route=\/wp\/v2\/posts\/155\/revisions\/156"}],"wp:attachment":[{"href":"https:\/\/biegkonopielki.pl\/index.php?rest_route=%2Fwp%2Fv2%2Fmedia&parent=155"}],"wp:term":[{"taxonomy":"category","embeddable":true,"href":"https:\/\/biegkonopielki.pl\/index.php?rest_route=%2Fwp%2Fv2%2Fcategories&post=155"},{"taxonomy":"post_tag","embeddable":true,"href":"https:\/\/biegkonopielki.pl\/index.php?rest_route=%2Fwp%2Fv2%2Ftags&post=155"}],"curies":[{"name":"wp","href":"https:\/\/api.w.org\/{rel}","templated":true}]}}