{"id":151,"date":"2013-03-30T09:46:45","date_gmt":"2013-03-30T08:46:45","guid":{"rendered":"http:\/\/itsystem.vxm.pl\/?p=151"},"modified":"2015-03-17T09:47:23","modified_gmt":"2015-03-17T08:47:23","slug":"kolejne-zgloszenia","status":"publish","type":"post","link":"https:\/\/biegkonopielki.pl\/?p=151","title":{"rendered":"Kolejne zg\u0142oszenia"},"content":{"rendered":"<div>\n<p style=\"text-align: center;\"><strong>\u015awi\u0105teczne &#8222;oczko&#8221;<\/strong><\/p>\n<p style=\"text-align: justify;\">Mamy kolejne zg\u0142oszenia do I Biegu Konopielki. Z numerem 21, czyli \u201eoczkiem\u201d na li\u015bcie startowej znalaz\u0142 si\u0119 Marek Muszy\u0144ski z Juchnowca Dolnego, osobi\u015bcie mocno zaanga\u017cowany w organizacj\u0119 imprezy.<!--more--><\/p>\n<div>\n<p style=\"text-align: justify;\">Marek Muszy\u0144ski dzia\u0142a w Komitecie Organizacyjnym i wsp\u00f3lnie z dyrektorem O\u015brodka Kultury Krzysztofem Sok\u00f3lskim odpowiada za ca\u0142o\u015b\u0107 przedsi\u0119wzi\u0119cia. \u015acis\u0142e kierownictwo Biegu stanowi\u0105 ponadto Grzegorz Radziewicz (ju\u017c zarejestrowany na li\u015bcie) oraz do\u015bwiadczony Andrzej Zieniewicz, kt\u00f3rego nazwisko r\u00f3wnie\u017c niebawem zobaczymy w\u015br\u00f3d os\u00f3b wyra\u017caj\u0105cych ch\u0119\u0107 startu w majowej imprezie.<\/p>\n<p>Wa\u017cne, \u017ce o organizacji I Biegu Konopielki w du\u017cej mierze decyduj\u0105 sami biegacze. Czuj\u0105 klimat oraz znaj\u0105 potrzeby i oczekiwania zawodnik\u00f3w. Daje to gwarancj\u0119, \u017ce juchnowiecka impreza sta\u0107 b\u0119dzie na wysokim poziomie.<\/p>\n<p>O poziom dba te\u017c g\u0142\u00f3wny organizator, czyli O\u015brodek Kultury, codziennie podejmuj\u0105cy dzia\u0142ania, aby nasze spotkanie 25 maja odby\u0142o si\u0119 w mi\u0142ej, przyjaznej atmosferze i aby ka\u017cdy uczestnik imprezy zachowa\u0142 z jej przebiegu dobre wspomnienia.<\/p>\n<p>Czekamy zatem na kolejne zg\u0142oszenia i przypominamy, \u017ce informacje o Biegu Konopielki dost\u0119pne s\u0105 na stronach <a id=\"link33\" href=\"http:\/\/www.okjuchnowiec.pl\">www.okjuchnowiec.pl<\/a> oraz <a id=\"link34\" href=\"http:\/\/www.biegkonopielki.pl\">www.biegkonopielki.pl<\/a>.<\/p>\n<\/div>\n<\/div>\n","protected":false},"excerpt":{"rendered":"<p>\u015awi\u0105teczne &#8222;oczko&#8221; Mamy kolejne zg\u0142oszenia do I Biegu Konopielki. Z numerem 21, czyli \u201eoczkiem\u201d na li\u015bcie startowej znalaz\u0142 si\u0119 Marek Muszy\u0144ski z Juchnowca Dolnego, osobi\u015bcie mocno zaanga\u017cowany w organizacj\u0119 imprezy.<\/p>\n","protected":false},"author":1,"featured_media":0,"comment_status":"closed","ping_status":"closed","sticky":false,"template":"","format":"standard","meta":{"footnotes":""},"categories":[1],"tags":[],"class_list":["post-151","post","type-post","status-publish","format-standard","hentry","category-aktualnosci"],"wppr_data":[],"_links":{"self":[{"href":"https:\/\/biegkonopielki.pl\/index.php?rest_route=\/wp\/v2\/posts\/151"}],"collection":[{"href":"https:\/\/biegkonopielki.pl\/index.php?rest_route=\/wp\/v2\/posts"}],"about":[{"href":"https:\/\/biegkonopielki.pl\/index.php?rest_route=\/wp\/v2\/types\/post"}],"author":[{"embeddable":true,"href":"https:\/\/biegkonopielki.pl\/index.php?rest_route=\/wp\/v2\/users\/1"}],"replies":[{"embeddable":true,"href":"https:\/\/biegkonopielki.pl\/index.php?rest_route=%2Fwp%2Fv2%2Fcomments&post=151"}],"version-history":[{"count":1,"href":"https:\/\/biegkonopielki.pl\/index.php?rest_route=\/wp\/v2\/posts\/151\/revisions"}],"predecessor-version":[{"id":152,"href":"https:\/\/biegkonopielki.pl\/index.php?rest_route=\/wp\/v2\/posts\/151\/revisions\/152"}],"wp:attachment":[{"href":"https:\/\/biegkonopielki.pl\/index.php?rest_route=%2Fwp%2Fv2%2Fmedia&parent=151"}],"wp:term":[{"taxonomy":"category","embeddable":true,"href":"https:\/\/biegkonopielki.pl\/index.php?rest_route=%2Fwp%2Fv2%2Fcategories&post=151"},{"taxonomy":"post_tag","embeddable":true,"href":"https:\/\/biegkonopielki.pl\/index.php?rest_route=%2Fwp%2Fv2%2Ftags&post=151"}],"curies":[{"name":"wp","href":"https:\/\/api.w.org\/{rel}","templated":true}]}}