{"id":149,"date":"2013-04-09T09:44:30","date_gmt":"2013-04-09T07:44:30","guid":{"rendered":"http:\/\/itsystem.vxm.pl\/?p=149"},"modified":"2015-03-17T09:46:36","modified_gmt":"2015-03-17T08:46:36","slug":"praca-idzie-pelna-para","status":"publish","type":"post","link":"https:\/\/biegkonopielki.pl\/?p=149","title":{"rendered":"Praca idzie pe\u0142n\u0105 par\u0105"},"content":{"rendered":"<div>\n<p style=\"text-align: center;\"><strong>Zapraszamy do\u00a0udzia\u0142u w biegach dodatkowych<\/strong><\/p>\n<p style=\"text-align: justify;\">Ro\u015bnie lista startowa I Biegu Konopielki. Ch\u0119\u0107 udzia\u0142u w biegu g\u0142\u00f3wnym na wtorkowe po\u0142udnie, 9 kwietnia wyrazi\u0142o ju\u017c 37 os\u00f3b. Mi\u0142o nam, \u017ce s\u0105 ju\u017c tak\u017ce pierwsze zg\u0142oszenia do biegu familijnego.<!--more--><\/p>\n<div>\n<p style=\"text-align: justify;\">Przygotowania do imprezy id\u0105 pe\u0142n\u0105 par\u0105. W\u0142a\u015bnie zamierzamy wys\u0142a\u0107 do odlewni projekt specjalnego medalu. Efektowne medale otrzymaj\u0105 zawodnicy, kt\u00f3rzy uko\u0144cz\u0105 bieg na 10 km. Je\u015bli chodzi o g\u0142\u00f3wny dystans, to w zabezpieczeniu trasy pomog\u0105 funkcjonariusze policji oraz cz\u0142onkowie Ochotniczej Stra\u017cy Po\u017carnej. Mamy ju\u017c z ich strony deklaracje wsparcia naszej imprezy. Mi\u0142o jest, \u017ce otrzymujemy tak\u017ce sygna\u0142y od wolontariuszy, pragn\u0105cych zaanga\u017cowa\u0107 si\u0119 przy ca\u0142o\u015bci przedsi\u0119wzi\u0119cia. Swoj\u0105 pomoc zadeklarowali cho\u0107by cz\u0142onkowie Stowarzyszenia Przyjaci\u00f3\u0142 Bro\u0144czan \u201eBro\u0144czany Razem\u201d.<\/p>\n<p>Pracujemy zatem i czekamy na kolejne zg\u0142oszenia. Opr\u00f3cz zg\u0142osze\u0144 do biegu g\u0142\u00f3wnego, gor\u0105co zach\u0119camy tak\u017ce do udzia\u0142u w biegach towarzysz\u0105cych \u2013 familijnym oraz VIP. Wprawdzie cz\u0119\u015b\u0107 os\u00f3b zg\u0142osi pewnie sw\u00f3j start przed samymi zawodami, ale aby w dniu imprezy skoncentrowa\u0107 si\u0119 tylko na wyst\u0119pie i unikn\u0105\u0107 d\u0142u\u017cszej wizyty w Biurze Zawod\u00f3w mo\u017cna ju\u017c teraz rejestrowa\u0107 si\u0119 w O\u015brodku Kultury \u2013 osobi\u015bcie lub telefonicznie (85 719 60 56) i drog\u0105 elektroniczn\u0105 (<a id=\"link33\" href=\"mailto:ok.juchno@wp.pl\">ok.juchno@wp.pl<\/a>). Pierwsz\u0105 rodzin\u0105, kt\u00f3ra skorzysta\u0142a z tej formu\u0142y jest rodzina pa\u0144stwa Gardockich z Kleosina. Pa\u0144stwo Gardoccy zaprezentuj\u0105 si\u0119 w biegu familijnym na 300 m w sk\u0142adzie Katarzyna, Tomasz i c\u00f3reczka Julka.<\/p>\n<p>Informacje o imprezie dost\u0119pne s\u0105 bezpo\u015brednio u organizatora (O\u015brodek Kultury w Gminie Juchnowiec Ko\u015bcielny) oraz na stronie <a id=\"link34\" href=\"http:\/\/www.biegkonopielki.pl\">www.biegkonopielki.pl<\/a>.<\/p>\n<\/div>\n<\/div>\n","protected":false},"excerpt":{"rendered":"<p>Zapraszamy do\u00a0udzia\u0142u w biegach dodatkowych Ro\u015bnie lista startowa I Biegu Konopielki. Ch\u0119\u0107 udzia\u0142u w biegu g\u0142\u00f3wnym na wtorkowe po\u0142udnie, 9 kwietnia wyrazi\u0142o ju\u017c 37 os\u00f3b. Mi\u0142o nam, \u017ce s\u0105 ju\u017c tak\u017ce pierwsze zg\u0142oszenia do biegu familijnego.<\/p>\n","protected":false},"author":1,"featured_media":0,"comment_status":"closed","ping_status":"closed","sticky":false,"template":"","format":"standard","meta":{"footnotes":""},"categories":[1],"tags":[],"class_list":["post-149","post","type-post","status-publish","format-standard","hentry","category-aktualnosci"],"wppr_data":[],"_links":{"self":[{"href":"https:\/\/biegkonopielki.pl\/index.php?rest_route=\/wp\/v2\/posts\/149"}],"collection":[{"href":"https:\/\/biegkonopielki.pl\/index.php?rest_route=\/wp\/v2\/posts"}],"about":[{"href":"https:\/\/biegkonopielki.pl\/index.php?rest_route=\/wp\/v2\/types\/post"}],"author":[{"embeddable":true,"href":"https:\/\/biegkonopielki.pl\/index.php?rest_route=\/wp\/v2\/users\/1"}],"replies":[{"embeddable":true,"href":"https:\/\/biegkonopielki.pl\/index.php?rest_route=%2Fwp%2Fv2%2Fcomments&post=149"}],"version-history":[{"count":1,"href":"https:\/\/biegkonopielki.pl\/index.php?rest_route=\/wp\/v2\/posts\/149\/revisions"}],"predecessor-version":[{"id":150,"href":"https:\/\/biegkonopielki.pl\/index.php?rest_route=\/wp\/v2\/posts\/149\/revisions\/150"}],"wp:attachment":[{"href":"https:\/\/biegkonopielki.pl\/index.php?rest_route=%2Fwp%2Fv2%2Fmedia&parent=149"}],"wp:term":[{"taxonomy":"category","embeddable":true,"href":"https:\/\/biegkonopielki.pl\/index.php?rest_route=%2Fwp%2Fv2%2Fcategories&post=149"},{"taxonomy":"post_tag","embeddable":true,"href":"https:\/\/biegkonopielki.pl\/index.php?rest_route=%2Fwp%2Fv2%2Ftags&post=149"}],"curies":[{"name":"wp","href":"https:\/\/api.w.org\/{rel}","templated":true}]}}