{"id":143,"date":"2013-04-25T09:42:00","date_gmt":"2013-04-25T07:42:00","guid":{"rendered":"http:\/\/itsystem.vxm.pl\/?p=143"},"modified":"2015-03-17T09:42:46","modified_gmt":"2015-03-17T08:42:46","slug":"spotykamy-sie-25-maja-w-juchnowcu","status":"publish","type":"post","link":"https:\/\/biegkonopielki.pl\/?p=143","title":{"rendered":"Spotykamy si\u0119 25 maja w Juchnowcu"},"content":{"rendered":"<div>\n<p style=\"text-align: center;\"><strong>Miesi\u0105c do startu<\/strong><\/p>\n<p style=\"text-align: justify;\">R\u00f3wno miesi\u0105c zosta\u0142 do I Biegu Konopielki. 25 maja spotkamy si\u0119 na stadionie w Juchnowcu Dolnym, gdzie usytuowane zostan\u0105 start i meta Biegu organizowanego przez O\u015brodek Kultury w Gminie Juchnowiec Ko\u015bcielny oraz Urz\u0105d Gminy w Juchnowcu Ko\u015bcielnym.<!--more--><\/p>\n<div>\n<p style=\"text-align: justify;\">Na miesi\u0105c przed imprez\u0105 ch\u0119\u0107 udzia\u0142u w biegu g\u0142\u00f3wnym na dystansie 10 km deklaruje blisko 50 os\u00f3b. W tym gronie s\u0105 tak zawodnicy z terenu juchnowieckiej gminy, jak i Bia\u0142egostoku, wojew\u00f3dztwa podlaskiego, ale i na przyk\u0142ad z Mazowsza.<\/p>\n<p>Na t\u0119 chwil\u0119 tak du\u017ca liczba zawodnik\u00f3w zapowiadaj\u0105cych sw\u00f3j strat w Biegu Konopielki bardzo nas cieszy. Zobaczymy co b\u0119dzie w najbli\u017cszych tygodniach. Docieraj\u0105 do nas bardzo mi\u0142e, pochlebne opinie na temat samego pomys\u0142u. Ludziom najwyra\u017aniej spodoba\u0142a si\u0119 idea po\u0142\u0105czenia sportu z kultur\u0105. Do\u0142o\u017cymy wszelkich stara\u0144, aby ka\u017cdy kto pojawi si\u0119 25 maja w Juchnowcu wywi\u00f3z\u0142 st\u0105d mi\u0142e wspomnienia.<\/p>\n<p>Przypomnijmy, \u017ce sama nazwa biegu nawi\u0105zuje do tw\u00f3rczo\u015bci znanego pisarza, Edwarda Redli\u0144skiego, autora m.in. s\u0142ynnej powie\u015bci \u201eKonopielka\u201d. Redli\u0144ski urodzi\u0142 si\u0119 i tworzy\u0142 w po\u0142o\u017conym na terenie juchnowieckiej gminy Frampolu. Przy okazji biegowych atrakcji pragniemy, aby go\u015bcie mogli pozna\u0107 miejsce, gdzie wychowa\u0142 si\u0119 i pracowa\u0142 pisarz, zwiedzi\u0107 Domek Tw\u00f3rczo\u015bci E. Redli\u0144skiego, rozkoszowa\u0107 si\u0119 pi\u0119knymi widokami, czy posmakowa\u0107 ludowych potraw. To wszystko podczas cz\u0119\u015bci podsumowuj\u0105cej imprez\u0119.<\/p>\n<p>Wcze\u015bniej jednak czekaj\u0105 nas wielkie sportowe emocje. Zawodnicy \u015bciga\u0107 si\u0119 b\u0119d\u0105 w biegu g\u0142\u00f3wnym na dystansie 10 km. Trasa usytuowana zosta\u0142a wok\u00f3\u0142 Juchnowca Dolnego i W\u00f3lki. Poza tym na stadionie w Juchnowcu Dolnym zaplanowano atrakcyjne biegi dodatkowe \u2013 familijny na 300 m, do udzia\u0142u w kt\u00f3rym gor\u0105co zach\u0119camy oraz Bieg z VIP-ami na 600 m.<\/p>\n<p>Szczeg\u00f3\u0142y imprezy dost\u0119pne na stronie internetowej <a id=\"link33\" href=\"http:\/\/www.biegkonopielki.pl\/\">www.biegkonopielki.pl<\/a>. Informacji udzielamy r\u00f3wnie\u017c telefonicznie pod numerami O\u015brodka Kultury &#8211;\u00a0 85 719 60 56 i 530 453 059 oraz drog\u0105 mailow\u0105 &#8211; <a id=\"link34\" href=\"mailto:ok.juchno@wp.pl\">ok.juchno@wp.pl<\/a>. Zach\u0119camy tak\u017ce do wymiany zda\u0144 na facebooku &#8211; okjuchnowiec.pl.<\/p>\n<\/div>\n<\/div>\n","protected":false},"excerpt":{"rendered":"<p>Miesi\u0105c do startu R\u00f3wno miesi\u0105c zosta\u0142 do I Biegu Konopielki. 25 maja spotkamy si\u0119 na stadionie w Juchnowcu Dolnym, gdzie usytuowane zostan\u0105 start i meta Biegu organizowanego przez O\u015brodek Kultury w Gminie Juchnowiec Ko\u015bcielny oraz Urz\u0105d Gminy w Juchnowcu Ko\u015bcielnym.<\/p>\n","protected":false},"author":1,"featured_media":0,"comment_status":"closed","ping_status":"closed","sticky":false,"template":"","format":"standard","meta":{"footnotes":""},"categories":[1],"tags":[],"class_list":["post-143","post","type-post","status-publish","format-standard","hentry","category-aktualnosci"],"wppr_data":[],"_links":{"self":[{"href":"https:\/\/biegkonopielki.pl\/index.php?rest_route=\/wp\/v2\/posts\/143"}],"collection":[{"href":"https:\/\/biegkonopielki.pl\/index.php?rest_route=\/wp\/v2\/posts"}],"about":[{"href":"https:\/\/biegkonopielki.pl\/index.php?rest_route=\/wp\/v2\/types\/post"}],"author":[{"embeddable":true,"href":"https:\/\/biegkonopielki.pl\/index.php?rest_route=\/wp\/v2\/users\/1"}],"replies":[{"embeddable":true,"href":"https:\/\/biegkonopielki.pl\/index.php?rest_route=%2Fwp%2Fv2%2Fcomments&post=143"}],"version-history":[{"count":1,"href":"https:\/\/biegkonopielki.pl\/index.php?rest_route=\/wp\/v2\/posts\/143\/revisions"}],"predecessor-version":[{"id":144,"href":"https:\/\/biegkonopielki.pl\/index.php?rest_route=\/wp\/v2\/posts\/143\/revisions\/144"}],"wp:attachment":[{"href":"https:\/\/biegkonopielki.pl\/index.php?rest_route=%2Fwp%2Fv2%2Fmedia&parent=143"}],"wp:term":[{"taxonomy":"category","embeddable":true,"href":"https:\/\/biegkonopielki.pl\/index.php?rest_route=%2Fwp%2Fv2%2Fcategories&post=143"},{"taxonomy":"post_tag","embeddable":true,"href":"https:\/\/biegkonopielki.pl\/index.php?rest_route=%2Fwp%2Fv2%2Ftags&post=143"}],"curies":[{"name":"wp","href":"https:\/\/api.w.org\/{rel}","templated":true}]}}