{"id":141,"date":"2013-05-04T09:41:03","date_gmt":"2013-05-04T07:41:03","guid":{"rendered":"http:\/\/itsystem.vxm.pl\/?p=141"},"modified":"2015-03-17T09:41:40","modified_gmt":"2015-03-17T08:41:40","slug":"wieslaw-olesiewicz-tez-pobiegnie-w-juchnowcu","status":"publish","type":"post","link":"https:\/\/biegkonopielki.pl\/?p=141","title":{"rendered":"Wies\u0142aw Olesiewicz te\u017c pobiegnie w Juchnowcu"},"content":{"rendered":"<div>\n<p style=\"text-align: center;\"><strong>Lista zawodnik\u00f3w coraz wi\u0119ksza<\/strong><\/p>\n<p>Ro\u015bnie lista zawodnik\u00f3w, kt\u00f3rzy zadeklarowali ch\u0119\u0107 udzia\u0142u w I Biegu Konopielki. Ju\u017c ponad 60 os\u00f3b chce wyst\u0105pi\u0107 w biegu g\u0142\u00f3wnym na 10 km.<\/p>\n<div>\n<p>Na li\u015bcie pojawi\u0142o si\u0119 m.in. nazwisko Wies\u0142awa Olesiewicza. 71-letni weteran w ramach trening\u00f3w i licznych start\u00f3w pokona\u0142 ju\u017c setki tysi\u0119cy kilometr\u00f3w tras. Niezmiernie nam mi\u0142o, \u017ce pan Olesiewicz zdecydowa\u0142 si\u0119 r\u00f3wnie\u017c na udzia\u0142 w I Biegu Konopielki.<!--more--><\/p>\n<p>Do imprezy zosta\u0142o ju\u017c tylko kilka tygodni. Zawodnicy zapewne mocno trenuj\u0105, my z kolei mocno pracujemy nad tym, aby ka\u017cdy kto zdecyduje si\u0119 odwiedzi\u0107 Juchnowiec wywi\u00f3z\u0142 st\u0105d mi\u0142e wspomnienia. Najlepsi zawodnicy opr\u00f3cz wspomnie\u0144 maj\u0105 szanse na zdobycie atrakcyjnych nagr\u00f3d rzeczowych. Z kolei ka\u017cdy, kto w regulaminowym czasie pokona 10-kilometrow\u0105 tras\u0119 otrzyma oryginalny medal.<\/p>\n<p>Opr\u00f3cz zg\u0142osze\u0144 do biegu g\u0142\u00f3wnego, gor\u0105co zach\u0119camy tak\u017ce do udzia\u0142u w biegach towarzysz\u0105cych &#8211; familijnym na 300 m oraz Biegu z VIP-ami na 600 m. Wprawdzie cz\u0119\u015b\u0107 os\u00f3b zg\u0142osi pewnie sw\u00f3j start przed samymi zawodami, ale aby w dniu imprezy skoncentrowa\u0107 si\u0119 tylko na wyst\u0119pie i unikn\u0105\u0107 d\u0142u\u017cszej wizyty w Biurze Zawod\u00f3w mo\u017cna ju\u017c teraz rejestrowa\u0107 si\u0119 w O\u015brodku Kultury \u00e2\u0080\u0093 osobi\u015bcie lub telefonicznie (85 719 60 56, 530 453 059) i drog\u0105 elektroniczn\u0105 (<a id=\"link33\" href=\"mailto:ok.juchno@wp.pl\">ok.juchno@wp.pl<\/a>).<\/p>\n<p>Udzia\u0142 w biegu familijnym jest ca\u0142kowicie bezp\u0142atny, natomiast za udzia\u0142 w biegu g\u0142\u00f3wnym nale\u017cy op\u0142aci\u0107 startowe. Cz\u0119\u015b\u0107 zawodnik\u00f3w ju\u017c dokona\u0142a op\u0142at i za to bardzo dzi\u0119kujemy. Tym, kt\u00f3rzy nie op\u0142acili startowego przypominamy o tym obowi\u0105zku, nadmieniaj\u0105c, \u017ce wcze\u015bniejsze otrzymanie wp\u0142at u\u0142atwi nam prowadzenie spraw organizacyjnych oraz technicznych. A i sami zawodnicy w dniu startu b\u0119d\u0105 mogli skoncentrowa\u0107 si\u0119 tylko na odpowiednim przygotowaniu do biegu.<\/p>\n<p>Informacje o imprezie dost\u0119pne s\u0105 bezpo\u015brednio u organizatora (O\u015brodek Kultury w Gminie Juchnowiec Ko\u015bcielny, Plac Kr\u00f3lowej Rodzin 1, Juchnowiec Ko\u015bcielny) oraz na stronie <a id=\"link34\" href=\"http:\/\/www.biegkonopielki.pl\">www.biegkonopielki.pl<\/a>.<\/p>\n<\/div>\n<\/div>\n","protected":false},"excerpt":{"rendered":"<p>Lista zawodnik\u00f3w coraz wi\u0119ksza Ro\u015bnie lista zawodnik\u00f3w, kt\u00f3rzy zadeklarowali ch\u0119\u0107 udzia\u0142u w I Biegu Konopielki. Ju\u017c ponad 60 os\u00f3b chce wyst\u0105pi\u0107 w biegu g\u0142\u00f3wnym na 10 km. Na li\u015bcie pojawi\u0142o si\u0119 m.in. nazwisko Wies\u0142awa Olesiewicza. 71-letni weteran w ramach trening\u00f3w i licznych start\u00f3w pokona\u0142 ju\u017c setki tysi\u0119cy kilometr\u00f3w tras. Niezmiernie nam mi\u0142o, \u017ce pan Olesiewicz zdecydowa\u0142 si\u0119 r\u00f3wnie\u017c na udzia\u0142 w I Biegu Konopielki.<\/p>\n","protected":false},"author":1,"featured_media":0,"comment_status":"closed","ping_status":"closed","sticky":false,"template":"","format":"standard","meta":{"footnotes":""},"categories":[1],"tags":[],"class_list":["post-141","post","type-post","status-publish","format-standard","hentry","category-aktualnosci"],"wppr_data":[],"_links":{"self":[{"href":"https:\/\/biegkonopielki.pl\/index.php?rest_route=\/wp\/v2\/posts\/141"}],"collection":[{"href":"https:\/\/biegkonopielki.pl\/index.php?rest_route=\/wp\/v2\/posts"}],"about":[{"href":"https:\/\/biegkonopielki.pl\/index.php?rest_route=\/wp\/v2\/types\/post"}],"author":[{"embeddable":true,"href":"https:\/\/biegkonopielki.pl\/index.php?rest_route=\/wp\/v2\/users\/1"}],"replies":[{"embeddable":true,"href":"https:\/\/biegkonopielki.pl\/index.php?rest_route=%2Fwp%2Fv2%2Fcomments&post=141"}],"version-history":[{"count":1,"href":"https:\/\/biegkonopielki.pl\/index.php?rest_route=\/wp\/v2\/posts\/141\/revisions"}],"predecessor-version":[{"id":142,"href":"https:\/\/biegkonopielki.pl\/index.php?rest_route=\/wp\/v2\/posts\/141\/revisions\/142"}],"wp:attachment":[{"href":"https:\/\/biegkonopielki.pl\/index.php?rest_route=%2Fwp%2Fv2%2Fmedia&parent=141"}],"wp:term":[{"taxonomy":"category","embeddable":true,"href":"https:\/\/biegkonopielki.pl\/index.php?rest_route=%2Fwp%2Fv2%2Fcategories&post=141"},{"taxonomy":"post_tag","embeddable":true,"href":"https:\/\/biegkonopielki.pl\/index.php?rest_route=%2Fwp%2Fv2%2Ftags&post=141"}],"curies":[{"name":"wp","href":"https:\/\/api.w.org\/{rel}","templated":true}]}}